{"id":40778,"date":"2023-09-28T09:57:12","date_gmt":"2023-09-28T14:57:12","guid":{"rendered":"https:\/\/achiras.net.ec\/?p=40778"},"modified":"2023-09-28T09:57:16","modified_gmt":"2023-09-28T14:57:16","slug":"cuando-ver-la-ultima-superluna-del-ano","status":"publish","type":"post","link":"https:\/\/achiras.net.ec\/cuando-ver-la-ultima-superluna-del-ano\/","title":{"rendered":"Cu\u00e1ndo ver la \u00faltima superluna del a\u00f1o"},"content":{"rendered":"\n<h2 class=\"wp-block-heading\">Esta superluna aparecer\u00e1 a finales de septiembre. La primera del 2024 ser\u00e1 en febrero.<\/h2>\n\n\n\n<p>Se acerca la cuarta y\u00a0<strong>\u00faltima superluna del a\u00f1o 2023<\/strong>. El evento astron\u00f3mico que ya vimos en julio y agosto\u00a0<a href=\"https:\/\/www.eluniverso.com\/noticias\/ecuador\/septiembre-se-despide-con-una-superluna-tambien-llamada-de-cosecha-o-de-maiz-nota\/\" target=\"_blank\" rel=\"noreferrer noopener\"><strong>volver\u00e1 a sorprendernos a finales de septiembre,<\/strong><\/a>\u00a0as\u00ed que alista tu c\u00e1mara para capturar la mejor imagen de la superluna.<\/p>\n\n\n\n<p><strong>\u00bfQu\u00e9 es lo que hace especial a una superluna?<\/strong>\u00a0El sat\u00e9lite natural de la Tierra ya de por s\u00ed es llamativo cuando est\u00e1 en su fase llena, pero se convierte en una superluna cuando est\u00e1 en el punto m\u00e1s cercano al planeta.<\/p>\n\n\n\n<p>Eso hace que se muestre m\u00e1s grande y m\u00e1s brillante, de una forma especial. Esto sucede por el\u00a0<strong>perigeo<\/strong>, que es el nombre del momento en el que la luna se acerca a la Tierra y su ecl\u00edptica est\u00e1 exactamente a 180\u00b0 de la longitud de la ecl\u00edptica del Sol, tal como se observa desde el centro de la Tierra.<\/p>\n\n\n\n<p>Se acerca la cuarta y\u00a0<strong>\u00faltima superluna del a\u00f1o 2023<\/strong>. El evento astron\u00f3mico que ya vimos en julio y agosto\u00a0<a href=\"https:\/\/www.eluniverso.com\/noticias\/ecuador\/septiembre-se-despide-con-una-superluna-tambien-llamada-de-cosecha-o-de-maiz-nota\/\" target=\"_blank\" rel=\"noreferrer noopener\"><strong>volver\u00e1 a sorprendernos a finales de septiembre,<\/strong><\/a>\u00a0as\u00ed que alista tu c\u00e1mara para capturar la mejor imagen de la superluna.<\/p>\n\n\n\n<p><strong>\u00bfQu\u00e9 es lo que hace especial a una superluna?<\/strong>\u00a0El sat\u00e9lite natural de la Tierra ya de por s\u00ed es llamativo cuando est\u00e1 en su fase llena, pero se convierte en una superluna cuando est\u00e1 en el punto m\u00e1s cercano al planeta.<\/p>\n\n\n\n<p>Eso hace que se muestre m\u00e1s grande y m\u00e1s brillante, de una forma especial. Esto sucede por el\u00a0<strong>perigeo<\/strong>, que es el nombre del momento en el que la luna se acerca a la Tierra y su ecl\u00edptica est\u00e1 exactamente a 180\u00b0 de la longitud de la ecl\u00edptica del Sol, tal como se observa desde el centro de la Tierra.<\/p>\n\n\n\n<figure class=\"wp-block-image\"><img decoding=\"async\" src=\"https:\/\/www.eluniverso.com\/resizer\/G0JSQ4y05u94sLP-TVyqjLEVsxY=\/1198x670\/smart\/filters:quality(70)\/cloudfront-us-east-1.images.arcpublishing.com\/eluniverso\/26BDZNBBMVF6JMGCQBPSDAJZ7U.jpg\" alt=\"\"\/><\/figure>\n\n\n\n<p>\u201cCuando una luna llena aparece en el perigeo,&nbsp;<strong>luce ligeramente m\u00e1s brillante y grande que una luna llena normal<\/strong>, y de ah\u00ed nace una superluna, describe la NASA.<\/p>\n\n\n\n<p>La \u00faltima superluna del a\u00f1o, conocida como la&nbsp;<a href=\"https:\/\/www.eluniverso.com\/noticias\/ecuador\/septiembre-se-despide-con-una-superluna-tambien-llamada-de-cosecha-o-de-maiz-nota\/\" target=\"_blank\" rel=\"noreferrer noopener\"><strong>Luna de la Cosecha<\/strong><\/a>,&nbsp;<strong>ser\u00e1 visible en Ecuador el 29 de septiembre, confirm\u00f3 el Observatorio Astron\u00f3mico de Quito (OAQ).<\/strong><\/p>\n\n\n\n<p>La noche del 29 de septiembre, la Luna se encontrar\u00e1 a una distancia aproximada de 357 mil kil\u00f3metros, lo que ocasionar\u00e1 que se produzca una superluna; en este momento la luna tendr\u00e1 una magnitud de -12.41 y estar\u00e1 iluminada un 99.9 %.<\/p>\n\n\n\n<p>PUBLICIDAD<\/p>\n\n\n\n<p>La superluna de cosecha se apreciar\u00e1 un 7.5 % m\u00e1s grande y un 15.2 % m\u00e1s brillante de lo normal.<\/p>\n\n\n\n<p>La superluna de cosecha ser\u00e1 visible durante toda la noche ya que su orto se produce en el momento de la puesta del Sol, y su ocaso se produce durante la salida del Sol. En esta fase se pueden producir eclipses de luna. La Luna refleja la luz del Sol a la Tierra con la totalidad de su cara visible por lo que se puede observar completamente circular y con una gran luminosidad.<\/p>\n\n\n\n<p>PUBLICIDAD<\/p>\n\n\n\n<p>Una luna llena se produce cada 29 d\u00edas cuando se completa el ciclo lunar, explica el OAQ.<\/p>\n\n\n\n<h2 class=\"wp-block-heading\">A simple vista<\/h2>\n\n\n\n<p>Siempre es recomendable realizar la observaci\u00f3n desde lugares libres de la contaminaci\u00f3n lum\u00ednica de la ciudad, la luna se puede observar a simple vista, por lo que no es necesario usar binoculares o telescopios.<\/p>\n\n\n\n<p>Es importante mencionar que la observaci\u00f3n de este evento astron\u00f3mico, solo es posible si las condiciones meteorol\u00f3gicas lo permiten.<\/p>\n\n\n\n<h2 class=\"wp-block-heading\">Superlunas del 2024<\/h2>\n\n\n\n<p>El pr\u00f3ximo a\u00f1o se podr\u00e1n ver cuatro superlunas llenas y tres superlunas nuevas.<\/p>\n\n\n\n<p>PUBLICIDAD<\/p>\n\n\n\n<ul class=\"wp-block-list\">\n<li>Viernes 9 de febrero de 2024 (nueva)<\/li>\n\n\n\n<li>Domingo 10 de marzo de 2024 (nueva)<\/li>\n\n\n\n<li>Lunes 8 de abril de 2024 (nueva)<\/li>\n\n\n\n<li>Lunes 19 de agosto de 2024<\/li>\n\n\n\n<li>Mi\u00e9rcoles 18 de septiembre de 2024<\/li>\n\n\n\n<li>Jueves 17 de octubre de 2024<\/li>\n\n\n\n<li>Viernes 15 de noviembre de 2024\u00a0<strong>(I)<\/strong><\/li>\n<\/ul>\n\n\n\n<p>Fuente: <a href=\"https:\/\/www.eluniverso.com\/larevista\/ecologia\/cuando-ver-la-ultima-superluna-del-ano-nota\/\" target=\"_blank\" rel=\"noreferrer noopener\">El Universo<\/a><\/p>\n","protected":false},"excerpt":{"rendered":"<p>Esta superluna aparecer\u00e1 a finales de septiembre. La primera del 2024 ser\u00e1 en febrero. Se acerca la cuarta y\u00a0\u00faltima superluna del a\u00f1o 2023. El evento astron\u00f3mico que ya vimos en julio y agosto\u00a0volver\u00e1 a sorprendernos a finales de septiembre,\u00a0as\u00ed que alista tu c\u00e1mara para capturar la mejor imagen de la superluna. \u00bfQu\u00e9 es lo que [&hellip;]<\/p>\n","protected":false},"author":1,"featured_media":40780,"comment_status":"open","ping_status":"open","sticky":false,"template":"","format":"standard","meta":{"om_disable_all_campaigns":false,"_monsterinsights_skip_tracking":false,"_monsterinsights_sitenote_active":false,"_monsterinsights_sitenote_note":"","_monsterinsights_sitenote_category":0,"_uf_show_specific_survey":0,"_uf_disable_surveys":false,"jetpack_post_was_ever_published":false,"_jetpack_newsletter_access":"","_jetpack_dont_email_post_to_subs":false,"_jetpack_newsletter_tier_id":0,"_jetpack_memberships_contains_paywalled_content":false,"_jetpack_memberships_contains_paid_content":false,"footnotes":""},"categories":[4526,16],"tags":[5753,350,278],"class_list":["post-40778","post","type-post","status-publish","format-standard","has-post-thumbnail","hentry","category-ciencia-y-tecnologia","category-noticias","tag-espacio","tag-mundo-2","tag-nasa"],"jetpack_featured_media_url":"https:\/\/achiras.net.ec\/wp-content\/uploads\/2023\/09\/Captura-de-pantalla-2023-09-28-a-las-09.46.27.png","jetpack_sharing_enabled":true,"_links":{"self":[{"href":"https:\/\/achiras.net.ec\/wp-json\/wp\/v2\/posts\/40778","targetHints":{"allow":["GET"]}}],"collection":[{"href":"https:\/\/achiras.net.ec\/wp-json\/wp\/v2\/posts"}],"about":[{"href":"https:\/\/achiras.net.ec\/wp-json\/wp\/v2\/types\/post"}],"author":[{"embeddable":true,"href":"https:\/\/achiras.net.ec\/wp-json\/wp\/v2\/users\/1"}],"replies":[{"embeddable":true,"href":"https:\/\/achiras.net.ec\/wp-json\/wp\/v2\/comments?post=40778"}],"version-history":[{"count":1,"href":"https:\/\/achiras.net.ec\/wp-json\/wp\/v2\/posts\/40778\/revisions"}],"predecessor-version":[{"id":40781,"href":"https:\/\/achiras.net.ec\/wp-json\/wp\/v2\/posts\/40778\/revisions\/40781"}],"wp:featuredmedia":[{"embeddable":true,"href":"https:\/\/achiras.net.ec\/wp-json\/wp\/v2\/media\/40780"}],"wp:attachment":[{"href":"https:\/\/achiras.net.ec\/wp-json\/wp\/v2\/media?parent=40778"}],"wp:term":[{"taxonomy":"category","embeddable":true,"href":"https:\/\/achiras.net.ec\/wp-json\/wp\/v2\/categories?post=40778"},{"taxonomy":"post_tag","embeddable":true,"href":"https:\/\/achiras.net.ec\/wp-json\/wp\/v2\/tags?post=40778"}],"curies":[{"name":"wp","href":"https:\/\/api.w.org\/{rel}","templated":true}]}}