{"id":53088,"date":"2025-03-11T14:51:50","date_gmt":"2025-03-11T19:51:50","guid":{"rendered":"https:\/\/achiras.net.ec\/?p=53088"},"modified":"2025-03-11T14:56:53","modified_gmt":"2025-03-11T19:56:53","slug":"eclipse-lunar-total-sera-visible-en-ecuador-el-13-y-14-de-marzo-de-2025-conozca-como-ver-este-fenomeno","status":"publish","type":"post","link":"https:\/\/achiras.net.ec\/eclipse-lunar-total-sera-visible-en-ecuador-el-13-y-14-de-marzo-de-2025-conozca-como-ver-este-fenomeno\/","title":{"rendered":"Eclipse lunar total ser\u00e1 visible en Ecuador el 13 y 14 de marzo de 2025; conozca c\u00f3mo ver este fen\u00f3meno"},"content":{"rendered":"\n<h2 class=\"wp-block-heading\">A prop\u00f3sito del eclipse lunar total, el Observatorio Astron\u00f3mico de Quito abrir\u00e1 sus puertas al p\u00fablico a la medianoche del 13 de marzo, y prepara una conferencia junto con recomendaciones sobre este fen\u00f3meno.&nbsp;<\/h2>\n\n\n\n<p>Un eclipse total de Luna ser\u00e1 visible&nbsp;la noche del jueves 13 de marzo de 2025 y la madrugada del viernes 14.&nbsp;Seg\u00fan el Observatorio Astron\u00f3mico de Quito, este fen\u00f3meno ser\u00e1 visible en todo el Ecuador, siempre que las condiciones meteorol\u00f3gicas lo permitan.<\/p>\n\n\n\n<p>El eclipse se observar\u00e1 desde cerca de la medianoche del 13 de marzo hasta las primeras horas de la ma\u00f1ana del 14, pudi\u00e9ndose mirar cada fase del fen\u00f3meno. El m\u00e1ximo se producir\u00e1 alrededor de la 01:59 (hora local continental), indica el organismo.<\/p>\n\n\n\n<p>Por este motivo, el Observatorio Astron\u00f3mico inform\u00f3 que abrir\u00e1 sus puertas al p\u00fablico a partir de las 23:45 del 13 de marzo&nbsp;hasta las 03:45 del 14 de marzo, con el fin de que las personas interesadas y aficionadas a la&nbsp;astronom\u00eda puedan acercarse a sus instalaciones y observar el eclipse a trav\u00e9s de&nbsp;telescopios electr\u00f3nicos. No se requiere reservaci\u00f3n previa.<\/p>\n\n\n\n<p><strong>\u00bfQu\u00e9 es un eclipse lunar?<\/strong><\/p>\n\n\n\n<p>Un eclipse lunar ocurre cuando la Tierra se interpone entre el Sol y la Luna, proyectando su sombra sobre nuestro sat\u00e9lite natural.<\/p>\n\n\n\n<p>Este fen\u00f3meno siempre sucede durante la fase de Luna llena, ya que es el \u00fanico momento en que la cara visible de la Luna est\u00e1 completamente iluminada por el Sol y se produce la alineaci\u00f3n necesaria para que la sombra terrestre la cubra.<\/p>\n\n\n\n<p>Si la Luna entra totalmente en la parte m\u00e1s oscura de esa sombra (umbra), ocurre un eclipse total, durante el cual la superficie lunar adquiere un tono rojizo o anaranjado, conocido popularmente como \u201cLuna de sangre\u201d. Este color se debe a que la luz del Sol, al atravesar la atm\u00f3sfera terrestre, se filtra y refracta antes de llegar a la superficie de la Luna.<\/p>\n\n\n\n<figure class=\"wp-block-image size-full\"><img loading=\"lazy\" decoding=\"async\" width=\"820\" height=\"459\" data-attachment-id=\"53089\" data-permalink=\"https:\/\/achiras.net.ec\/eclipse-lunar-total-sera-visible-en-ecuador-el-13-y-14-de-marzo-de-2025-conozca-como-ver-este-fenomeno\/67118bb05d441\/\" data-orig-file=\"https:\/\/achiras.net.ec\/wp-content\/uploads\/2025\/03\/67118bb05d441.jpg\" data-orig-size=\"820,459\" data-comments-opened=\"1\" data-image-meta=\"{&quot;aperture&quot;:&quot;0&quot;,&quot;credit&quot;:&quot;&quot;,&quot;camera&quot;:&quot;&quot;,&quot;caption&quot;:&quot;&quot;,&quot;created_timestamp&quot;:&quot;0&quot;,&quot;copyright&quot;:&quot;&quot;,&quot;focal_length&quot;:&quot;0&quot;,&quot;iso&quot;:&quot;0&quot;,&quot;shutter_speed&quot;:&quot;0&quot;,&quot;title&quot;:&quot;&quot;,&quot;orientation&quot;:&quot;0&quot;}\" data-image-title=\"67118bb05d441\" data-image-description=\"\" data-image-caption=\"\" data-medium-file=\"https:\/\/achiras.net.ec\/wp-content\/uploads\/2025\/03\/67118bb05d441-300x168.jpg\" data-large-file=\"https:\/\/achiras.net.ec\/wp-content\/uploads\/2025\/03\/67118bb05d441.jpg\" src=\"https:\/\/achiras.net.ec\/wp-content\/uploads\/2025\/03\/67118bb05d441.jpg\" alt=\"\" class=\"wp-image-53089\" srcset=\"https:\/\/achiras.net.ec\/wp-content\/uploads\/2025\/03\/67118bb05d441.jpg 820w, https:\/\/achiras.net.ec\/wp-content\/uploads\/2025\/03\/67118bb05d441-300x168.jpg 300w, https:\/\/achiras.net.ec\/wp-content\/uploads\/2025\/03\/67118bb05d441-768x430.jpg 768w, https:\/\/achiras.net.ec\/wp-content\/uploads\/2025\/03\/67118bb05d441-215x120.jpg 215w, https:\/\/achiras.net.ec\/wp-content\/uploads\/2025\/03\/67118bb05d441-370x206.jpg 370w, https:\/\/achiras.net.ec\/wp-content\/uploads\/2025\/03\/67118bb05d441-600x336.jpg 600w\" sizes=\"auto, (max-width: 820px) 100vw, 820px\" \/><figcaption class=\"wp-element-caption\">La Luna llena vista desde el noroccidente de Quito, Ecuador, el 19 de agosto de 2024.API<\/figcaption><\/figure>\n\n\n\n<p>La Luna llena vista desde el noroccidente de Quito, Ecuador, el 19 de agosto de 2024.API<br>Al inicio del eclipse, la Luna se ubicar\u00e1 en la constelaci\u00f3n de Leo, desplaz\u00e1ndose hacia la constelaci\u00f3n de Virgo a lo largo de la madrugada.<\/p>\n\n\n\n<p>Gracias a la disminuci\u00f3n del brillo lunar durante la totalidad, ser\u00e1 m\u00e1s sencillo distinguir estrellas y constelaciones vecinas. Si el cielo est\u00e1 despejado, tambi\u00e9n se podr\u00e1n observar, en horarios adecuados y seg\u00fan la posici\u00f3n, los planetas J\u00fapiter y Marte hacia el oeste<\/p>\n\n\n\n<p><strong>Recomendaciones de observaci\u00f3n<\/strong><\/p>\n\n\n\n<ul class=\"wp-block-list\">\n<li>No se requiere protecci\u00f3n especial para observar un eclipse lunar; se puede observar&nbsp;a simple vista sin riesgos para la visi\u00f3n.<\/li>\n\n\n\n<li>Binoculares o telescopios b\u00e1sicos mejoran la experiencia al detallar la superficie lunar y sus cambios de color.<\/li>\n\n\n\n<li>Se sugiere elegir sitios con poca contaminaci\u00f3n lum\u00ednica y con horizontes despejados&nbsp;para una mejor visi\u00f3n.&nbsp;<\/li>\n\n\n\n<li>Para fotografiar el evento, se recomienda usar un tr\u00edpode y exposiciones de varios&nbsp;segundos para captar el tono rojizo.<\/li>\n<\/ul>\n\n\n\n<p><strong>Para aficionados a la astronom\u00eda&nbsp;<\/strong><\/p>\n\n\n\n<p>El Observatorio Astron\u00f3mico de Quito, siempre que las condiciones clim\u00e1ticas lo permitan, transmitir\u00e1 en vivo el desarrollo de este eclipse por su&nbsp;p\u00e1gina de Facebook.<\/p>\n\n\n\n<p>A su vez, la noche del 13 de marzo, a las 20:00 (hora de Ecuador continental), el Observatorio Astron\u00f3mico ofrecer\u00e1 una conferencia p\u00fablica en la misma plataforma de Facebook Live, explicando la naturaleza y detalles de este eclipse y brindando recomendaciones para su observaci\u00f3n.<\/p>\n\n\n\n<p>Fuente: <a href=\"https:\/\/www.primicias.ec\/ciencia-tecnologia\/eclipse-total-luna-fecha-observatorio-ecuador-marzo2025-91453\/\">Primicias<\/a><\/p>\n","protected":false},"excerpt":{"rendered":"<p>A prop\u00f3sito del eclipse lunar total, el Observatorio Astron\u00f3mico de Quito abrir\u00e1 sus puertas al p\u00fablico a la medianoche del 13 de marzo, y prepara una conferencia junto con recomendaciones sobre este fen\u00f3meno.&nbsp; Un eclipse total de Luna ser\u00e1 visible&nbsp;la noche del jueves 13 de marzo de 2025 y la madrugada del viernes 14.&nbsp;Seg\u00fan el [&hellip;]<\/p>\n","protected":false},"author":1,"featured_media":53094,"comment_status":"open","ping_status":"open","sticky":false,"template":"","format":"standard","meta":{"om_disable_all_campaigns":false,"_monsterinsights_skip_tracking":false,"_monsterinsights_sitenote_active":false,"_monsterinsights_sitenote_note":"","_monsterinsights_sitenote_category":0,"_uf_show_specific_survey":0,"_uf_disable_surveys":false,"jetpack_post_was_ever_published":false,"_jetpack_newsletter_access":"","_jetpack_dont_email_post_to_subs":false,"_jetpack_newsletter_tier_id":0,"_jetpack_memberships_contains_paywalled_content":false,"_jetpack_memberships_contains_paid_content":false,"footnotes":""},"categories":[4526],"tags":[5511,7281,5044],"class_list":["post-53088","post","type-post","status-publish","format-standard","has-post-thumbnail","hentry","category-ciencia-y-tecnologia","tag-astronomia-2","tag-eclips-lunar","tag-luna"],"jetpack_featured_media_url":"https:\/\/achiras.net.ec\/wp-content\/uploads\/2025\/03\/01horizontal-11.jpg","jetpack_sharing_enabled":true,"_links":{"self":[{"href":"https:\/\/achiras.net.ec\/wp-json\/wp\/v2\/posts\/53088","targetHints":{"allow":["GET"]}}],"collection":[{"href":"https:\/\/achiras.net.ec\/wp-json\/wp\/v2\/posts"}],"about":[{"href":"https:\/\/achiras.net.ec\/wp-json\/wp\/v2\/types\/post"}],"author":[{"embeddable":true,"href":"https:\/\/achiras.net.ec\/wp-json\/wp\/v2\/users\/1"}],"replies":[{"embeddable":true,"href":"https:\/\/achiras.net.ec\/wp-json\/wp\/v2\/comments?post=53088"}],"version-history":[{"count":2,"href":"https:\/\/achiras.net.ec\/wp-json\/wp\/v2\/posts\/53088\/revisions"}],"predecessor-version":[{"id":53095,"href":"https:\/\/achiras.net.ec\/wp-json\/wp\/v2\/posts\/53088\/revisions\/53095"}],"wp:featuredmedia":[{"embeddable":true,"href":"https:\/\/achiras.net.ec\/wp-json\/wp\/v2\/media\/53094"}],"wp:attachment":[{"href":"https:\/\/achiras.net.ec\/wp-json\/wp\/v2\/media?parent=53088"}],"wp:term":[{"taxonomy":"category","embeddable":true,"href":"https:\/\/achiras.net.ec\/wp-json\/wp\/v2\/categories?post=53088"},{"taxonomy":"post_tag","embeddable":true,"href":"https:\/\/achiras.net.ec\/wp-json\/wp\/v2\/tags?post=53088"}],"curies":[{"name":"wp","href":"https:\/\/api.w.org\/{rel}","templated":true}]}}