{"id":59126,"date":"2025-11-18T11:46:03","date_gmt":"2025-11-18T16:46:03","guid":{"rendered":"https:\/\/achiras.net.ec\/?p=59126"},"modified":"2025-12-13T12:43:17","modified_gmt":"2025-12-13T17:43:17","slug":"ecuador-vs-nueva-zelanda-todo-lo-que-debe-saber-del-partido-amistoso-por-la-fecha-fifa-de-noviembre","status":"publish","type":"post","link":"https:\/\/achiras.net.ec\/ecuador-vs-nueva-zelanda-todo-lo-que-debe-saber-del-partido-amistoso-por-la-fecha-fifa-de-noviembre\/","title":{"rendered":"Ecuador vs. Nueva Zelanda: Todo lo que debe saber del partido amistoso por la Fecha FIFA de noviembre"},"content":{"rendered":"\n<h2 class=\"wp-block-heading\">La selecci\u00f3n ecuatoriana de f\u00fatbol finalizar\u00e1 el a\u00f1o con un partido amistoso ante Nueva Zelanda. Conozca todos los detalles.<\/h2>\n\n\n\n<p>Ecuador cumplir\u00e1 con su \u00faltimo partido de 2025 ante Nueva Zelanda y todos los ecuatorianos esperar\u00e1n ganar y no seguir empatando, como ha sido costumbre en la era de Sebasti\u00e1n Beccacece, director t\u00e9cnico de la Tri.<\/p>\n\n\n\n<p>En el \u00faltimo encuentro, la Tricolor se midi\u00f3 ante Canad\u00e1 como parte de la Fecha FIFA de noviembre. El cotejo finaliz\u00f3 0-0 y con varias cr\u00edticas hacia el cuerpo t\u00e9cnico, pues el Mundial 2026 est\u00e1 a la vuelta de la esquina y nuestra Selecci\u00f3n parece estar lejos de anotar goles.<\/p>\n\n\n\n<p>Este pr\u00f3ximo compromiso ser\u00e1 importante para que el equipo dirigido por Beccacece pueda sumar puntos en el Ranking FIFA y mantenerse en el Bombo 2 del sorteo del Mundial.&nbsp;<\/p>\n\n\n\n<p><strong>\u00bfD\u00f3nde ver?<br><\/strong>El partido entre Ecuador y Nueva Zelanda se podr\u00e1 ver a trav\u00e9s de Teleamazonas (en diferido), El Canal del F\u00fatbol (en Pague por Ver) y Zapping (en su Plan Premium).\u00a0<\/p>\n\n\n\n<p><strong>Fecha y hora<br><\/strong>El partido se realizar\u00e1 en Nueva Jersey, en el Sports Illustrated Stadium, este\u00a0martes 18 de noviembre de 2025 desde las 20:30 (hora de Ecuador).\u00a0<\/p>\n\n\n\n<p><strong>El clima<br><\/strong>El d\u00eda del partido la temperatura m\u00ednima en Nueva Jersey ser\u00e1 de 0 grados cent\u00edgrados, mientras que la m\u00e1xima ser\u00e1 de 6 grados cent\u00edgrados.<\/p>\n\n\n\n<p><strong>Venta de entradas\u00a0<br><\/strong>Los boletos para el compromiso amistoso entre las selecciones de Ecuador y Nueva Zelanda, en Nueva Jersey, est\u00e1n a la venta en Ticketmaster, puede hacer clic aqu\u00ed para ingresar al sitio web.<\/p>\n\n\n\n<p><strong>El rival<br><\/strong>Nueva Zelanda hizo historia el pasado 24 de marzo y sac\u00f3 pasaje para su tercera Copa del Mundo. Ahora, el reto es prepararse de la mejor manera y superar la fase de grupos.\u00a0\u00a0<\/p>\n\n\n\n<p>Esta selecci\u00f3n llega a este partido con una derrota por 2-1 ante Colombia. Es m\u00e1s, de los \u00faltimos cuatro cotejos ha perdido tres y empat\u00f3 uno.<\/p>\n\n\n\n<p><strong>\u00bfC\u00f3mo llega Ecuador?<br><\/strong>La selecci\u00f3n ecuatoriana de f\u00fatbol viene firmando tres empates seguidos. Sin embargo, el director t\u00e9cnico Sebasti\u00e1n Beccacece dice que \u00abun partido no define un proceso\u00bb y que est\u00e1 \u00abmuy optimista de cara al Mundial\u00bb.<\/p>\n\n\n\n<p><strong>Posible alineaci\u00f3n de Ecuador<br><\/strong>Hern\u00e1n Gal\u00edndez; Piero Hincapi\u00e9, Willian Pacho, Joel Ord\u00f3\u00f1ez, Alan Franco; Pedro Vite, Mois\u00e9s Caicedo, Nilson Angulo, John Yeboah; Kevin Rodr\u00edguez y Leonardo Campana.<\/p>\n\n\n\n<p>Fuente: <a href=\"https:\/\/www.primicias.ec\/deportes\/mundial-2026\/seleccion-ecuador\/nueva-zelanda-amistoso-partido-fecha-hora-tv-donde-ver-alineaciones-109536\/\">Primicias<\/a><\/p>\n","protected":false},"excerpt":{"rendered":"<p>La selecci\u00f3n ecuatoriana de f\u00fatbol finalizar\u00e1 el a\u00f1o con un partido amistoso ante Nueva Zelanda. Conozca todos los detalles. Ecuador cumplir\u00e1 con su \u00faltimo partido de 2025 ante Nueva Zelanda y todos los ecuatorianos esperar\u00e1n ganar y no seguir empatando, como ha sido costumbre en la era de Sebasti\u00e1n Beccacece, director t\u00e9cnico de la Tri. [&hellip;]<\/p>\n","protected":false},"author":1,"featured_media":59127,"comment_status":"closed","ping_status":"open","sticky":false,"template":"","format":"standard","meta":{"om_disable_all_campaigns":false,"_monsterinsights_skip_tracking":false,"_monsterinsights_sitenote_active":false,"_monsterinsights_sitenote_note":"","_monsterinsights_sitenote_category":0,"_uf_show_specific_survey":0,"_uf_disable_surveys":false,"jetpack_post_was_ever_published":false,"_jetpack_newsletter_access":"","_jetpack_dont_email_post_to_subs":false,"_jetpack_newsletter_tier_id":0,"_jetpack_memberships_contains_paywalled_content":false,"_jetpack_memberships_contains_paid_content":false,"footnotes":""},"categories":[21],"tags":[54,778,1780,2266],"class_list":["post-59126","post","type-post","status-publish","format-standard","has-post-thumbnail","hentry","category-deportes","tag-ecuador","tag-fifa","tag-la-tri","tag-nueva-zelanda"],"jetpack_featured_media_url":"https:\/\/achiras.net.ec\/wp-content\/uploads\/2025\/11\/Captura-de-pantalla-2025-11-18-a-las-11.41.58-a.m.png","jetpack_sharing_enabled":true,"_links":{"self":[{"href":"https:\/\/achiras.net.ec\/wp-json\/wp\/v2\/posts\/59126","targetHints":{"allow":["GET"]}}],"collection":[{"href":"https:\/\/achiras.net.ec\/wp-json\/wp\/v2\/posts"}],"about":[{"href":"https:\/\/achiras.net.ec\/wp-json\/wp\/v2\/types\/post"}],"author":[{"embeddable":true,"href":"https:\/\/achiras.net.ec\/wp-json\/wp\/v2\/users\/1"}],"replies":[{"embeddable":true,"href":"https:\/\/achiras.net.ec\/wp-json\/wp\/v2\/comments?post=59126"}],"version-history":[{"count":1,"href":"https:\/\/achiras.net.ec\/wp-json\/wp\/v2\/posts\/59126\/revisions"}],"predecessor-version":[{"id":59128,"href":"https:\/\/achiras.net.ec\/wp-json\/wp\/v2\/posts\/59126\/revisions\/59128"}],"wp:featuredmedia":[{"embeddable":true,"href":"https:\/\/achiras.net.ec\/wp-json\/wp\/v2\/media\/59127"}],"wp:attachment":[{"href":"https:\/\/achiras.net.ec\/wp-json\/wp\/v2\/media?parent=59126"}],"wp:term":[{"taxonomy":"category","embeddable":true,"href":"https:\/\/achiras.net.ec\/wp-json\/wp\/v2\/categories?post=59126"},{"taxonomy":"post_tag","embeddable":true,"href":"https:\/\/achiras.net.ec\/wp-json\/wp\/v2\/tags?post=59126"}],"curies":[{"name":"wp","href":"https:\/\/api.w.org\/{rel}","templated":true}]}}