{"id":59159,"date":"2025-11-19T09:51:15","date_gmt":"2025-11-19T14:51:15","guid":{"rendered":"https:\/\/achiras.net.ec\/?p=59159"},"modified":"2025-12-13T12:43:17","modified_gmt":"2025-12-13T17:43:17","slug":"maduro-invita-a-la-administracion-trump-a-hablar-cara-a-cara","status":"publish","type":"post","link":"https:\/\/achiras.net.ec\/maduro-invita-a-la-administracion-trump-a-hablar-cara-a-cara\/","title":{"rendered":"Maduro invita a la Administraci\u00f3n Trump a hablar \u00abcara a cara\u00bb"},"content":{"rendered":"\n<h2 class=\"wp-block-heading\">El dictador de Venezuela, Nicol\u00e1s Maduro, ha invitado al Gobierno de Estados Unidos a dialogar \u00abcara a cara\u00bb. Lo hizo luego de que Donald Trump mencion\u00f3 la posibilidad del di\u00e1logo con Caracas.\u00a0<\/h2>\n\n\n\n<p>El dictador de Venezuela,\u00a0<strong>Nicol\u00e1s Maduro<\/strong>, ha invitado al Gobierno de Estados Unidos a dialogar \u00abcara a cara\u00bb, presentando la paz como \u00fanica opci\u00f3n para Caracas, tras las declaraciones de su hom\u00f3logo estadounidense,\u00a0<strong>Donald Trump<\/strong>, en las que ha afirmado que \u00abprobablemente\u00bb hablar\u00e1 \u00aben alg\u00fan momento\u00bb con \u00e9ste, aunque no ha descartado el\u00a0<strong>empleo de la fuerza militar<\/strong>\u00a0contra el pa\u00eds latinoamericano.<\/p>\n\n\n\n<p><br>\u00abEl que quiera dialogar, encontrar\u00e1 siempre en nosotros gente de palabra, gente decente y gente con experiencia para dirigir a Venezuela. As\u00ed que, en Estados Unidos, el que quiera hablar con Venezuela,&nbsp;<strong>se hablar\u00e1 &#8216;face to face&#8217;<\/strong>, cara a cara, sin ning\u00fan problema\u00bb, ha declarado el dictador venezolano en su<strong>&nbsp;programa Con Maduro +<\/strong>, donde ha a\u00f1adido que \u00ablo que no se puede permitir es que se bombardee y se masacre a un pueblo\u00bb, seg\u00fan ha recogido la cadena Globovisi\u00f3n.<\/p>\n\n\n\n<p>De este modo, ha mantenido que \u00abs\u00f3lo a trav\u00e9s de la&nbsp;<strong>diplomacia<\/strong>&nbsp;se deben entender los pa\u00edses libres, los gobiernos, y solo a trav\u00e9s del di\u00e1logo se deben buscar puntos comunes en temas de inter\u00e9s mutuo\u00bb. \u00abEsa es nuestra posici\u00f3n invariable (..). El di\u00e1logo es el camino a&nbsp;<strong>buscar la verdad y la paz<\/strong>, la paz no tiene alternativa\u00bb, ha declarado.<\/p>\n\n\n\n<p>Maduro, que ha manifestado su \u00abrespeto absoluto al<strong>&nbsp;Derecho Internacional<\/strong>\u00bb y su rechazo a \u00abla amenaza del uso de la fuerza o el uso de la fuerza para<strong>&nbsp;imponer reglas en las relaciones entre los pa\u00edses<\/strong>\u00ab, ha defendido que la posici\u00f3n de Trump se debe a que alguien quiere que \u00abcometa el error m\u00e1s grave de toda su vida y se meta militarmente contra Venezuela, lo cual ser\u00eda el fin pol\u00edtico de su liderazgo y de su nombre\u00bb.<\/p>\n\n\n\n<p>\u00abLo est\u00e1n azuzando, provocando (&#8230;) y estoy seguro de que ese azuzamiento, esa provocaci\u00f3n, no solo viene de sus adversarios y sus enemigos conocidos &#8211;\u00e9l sabe qui\u00e9nes son&#8211;, sino que tiene gente a su alrededor, que ya calcula en funci\u00f3n de la era post-Trump y no le importa hacerle un da\u00f1o\u00bb, ha opinado, antes de aseverar que \u00ablo est\u00e1n llevando a un desfiladero\u00bb.<\/p>\n\n\n\n<h2 class=\"wp-block-heading\">Una posibilidad para el di\u00e1logo<\/h2>\n\n\n\n<p>Las declaraciones de Maduro han llegado poco despu\u00e9s de que el inquilino de la&nbsp;<strong>Casa Blanca<\/strong>&nbsp;afirmase que \u00abprobablemente\u00bb hablar\u00e1 \u00aben alg\u00fan momento\u00bb con \u00e9l, aunque sin precisar cu\u00e1ndo y evitando valorar la permanencia de Maduro en el poder como nada m\u00e1s que una \u00abcuesti\u00f3n complicada\u00bb. Pese a ello, en cuanto al posible env\u00edo de tropas a Venezuela, ha dicho que no \u00abdescarta nada\u00bb.<\/p>\n\n\n\n<p>Estados Unidos ha desplegado un importante&nbsp;<strong>contingente militar<\/strong>&nbsp;en aguas del Caribe aludiendo al combate contra el narcotr\u00e1fico. En los 21 ataques militares contra supuestos narcotraficantes en el Caribe y el Pac\u00edfico han muerto 83 personas en las \u00faltimas semanas, seg\u00fan el recuento basado en los comunicados oficiales.<\/p>\n\n\n\n<p>Adem\u00e1s, en este marco, ha anunciado que designar\u00e1 como organizaci\u00f3n terrorista extranjera al&nbsp;<strong>cartel de los Soles<\/strong>, acusando a Maduro y otros cargos de su \u00abr\u00e9gimen ileg\u00edtimo\u00bb de dirigir dicha organizaci\u00f3n. EUROPA PRESS<\/p>\n\n\n\n<p>Fuente: <a href=\"https:\/\/www.lahora.com.ec\/mundo\/maduro-invita-a-la-administracion-trump-a-hablar-cara-a-cara-20251118-0043.html\">La Hora<\/a><\/p>\n","protected":false},"excerpt":{"rendered":"<p>El dictador de Venezuela, Nicol\u00e1s Maduro, ha invitado al Gobierno de Estados Unidos a dialogar \u00abcara a cara\u00bb. Lo hizo luego de que Donald Trump mencion\u00f3 la posibilidad del di\u00e1logo con Caracas.\u00a0 El dictador de Venezuela,\u00a0Nicol\u00e1s Maduro, ha invitado al Gobierno de Estados Unidos a dialogar \u00abcara a cara\u00bb, presentando la paz como \u00fanica opci\u00f3n [&hellip;]<\/p>\n","protected":false},"author":1,"featured_media":59160,"comment_status":"closed","ping_status":"open","sticky":false,"template":"","format":"standard","meta":{"om_disable_all_campaigns":false,"_monsterinsights_skip_tracking":false,"_monsterinsights_sitenote_active":false,"_monsterinsights_sitenote_note":"","_monsterinsights_sitenote_category":0,"_uf_show_specific_survey":0,"_uf_disable_surveys":false,"jetpack_post_was_ever_published":false,"_jetpack_newsletter_access":"","_jetpack_dont_email_post_to_subs":false,"_jetpack_newsletter_tier_id":0,"_jetpack_memberships_contains_paywalled_content":false,"_jetpack_memberships_contains_paid_content":false,"footnotes":""},"categories":[20],"tags":[423,784,782],"class_list":["post-59159","post","type-post","status-publish","format-standard","has-post-thumbnail","hentry","category-mundo","tag-estados-unidos","tag-nicolas-maduro","tag-venezuela"],"jetpack_featured_media_url":"https:\/\/achiras.net.ec\/wp-content\/uploads\/2025\/11\/europapress_7075010_nicolas_maduro_presidente_venezuela.jpg_448742120.webp","jetpack_sharing_enabled":true,"_links":{"self":[{"href":"https:\/\/achiras.net.ec\/wp-json\/wp\/v2\/posts\/59159","targetHints":{"allow":["GET"]}}],"collection":[{"href":"https:\/\/achiras.net.ec\/wp-json\/wp\/v2\/posts"}],"about":[{"href":"https:\/\/achiras.net.ec\/wp-json\/wp\/v2\/types\/post"}],"author":[{"embeddable":true,"href":"https:\/\/achiras.net.ec\/wp-json\/wp\/v2\/users\/1"}],"replies":[{"embeddable":true,"href":"https:\/\/achiras.net.ec\/wp-json\/wp\/v2\/comments?post=59159"}],"version-history":[{"count":1,"href":"https:\/\/achiras.net.ec\/wp-json\/wp\/v2\/posts\/59159\/revisions"}],"predecessor-version":[{"id":59161,"href":"https:\/\/achiras.net.ec\/wp-json\/wp\/v2\/posts\/59159\/revisions\/59161"}],"wp:featuredmedia":[{"embeddable":true,"href":"https:\/\/achiras.net.ec\/wp-json\/wp\/v2\/media\/59160"}],"wp:attachment":[{"href":"https:\/\/achiras.net.ec\/wp-json\/wp\/v2\/media?parent=59159"}],"wp:term":[{"taxonomy":"category","embeddable":true,"href":"https:\/\/achiras.net.ec\/wp-json\/wp\/v2\/categories?post=59159"},{"taxonomy":"post_tag","embeddable":true,"href":"https:\/\/achiras.net.ec\/wp-json\/wp\/v2\/tags?post=59159"}],"curies":[{"name":"wp","href":"https:\/\/api.w.org\/{rel}","templated":true}]}}